{"id":2349,"date":"2024-02-16T11:39:36","date_gmt":"2024-02-16T10:39:36","guid":{"rendered":"https:\/\/akademiki.kul.pl\/?p=2349"},"modified":"2024-02-16T11:39:45","modified_gmt":"2024-02-16T10:39:45","slug":"wolne-miejsca-w-zds","status":"publish","type":"post","link":"https:\/\/akademiki.kul.pl\/?p=2349","title":{"rendered":"Wolne miejsca w \u017bDS!"},"content":{"rendered":"\n<p>Cze\u015b\u0107, studenci KUL!<br><br>Szukasz taniego i przytulnego miejsca do zamieszkania w Lublinie? C A mo\u017ce chcesz pozna\u0107 nowych ludzi i wzi\u0105\u0107 udzia\u0142 w ciekawych wydarzeniach kulturalnych?<br><br>Je\u015bli tak, to mamy dla Ciebie dobr\u0105 wiadomo\u015b\u0107! W \u017be\u0144skim Domu Studenckim KUL przy ul. Konstantyn\u00f3w 1D s\u0105 jeszcze wolne miejsca w pokojach 1- i 2-osobowych. <br><\/p>\n\n\n\n<p>To idealna oferta dla studentek, kt\u00f3re ceni\u0105 sobie komfort, bezpiecze\u0144stwo i dobr\u0105 atmosfer\u0119.<br>W domu studenckim znajdziesz wszystko, czego potrzebujesz: wyposa\u017con\u0105 kuchni\u0119, \u0142azienk\u0119, pralni\u0119, sal\u0119 telewizyjn\u0105, \u015bwietlic\u0119, parking. Ponadto, b\u0119dziesz mia\u0142a dost\u0119p do szybkiego internetu i ochrony. A co najwa\u017cniejsze, b\u0119dziesz mog\u0142a nawi\u0105za\u0107 przyja\u017anie z innymi studentkami i wsp\u00f3lnie sp\u0119dza\u0107 czas na zaj\u0119ciach i w akademiku.<br><br>Nie zwlekaj i zg\u0142o\u015b si\u0119 ju\u017c dzi\u015b!  Napisz mejla na nasz adres: zds@kul.pl <br>Liczba miejsc jest ograniczona, wi\u0119c nie przegap tej okazji!<br>Do zobaczenia w \u017be\u0144skim Domu Studenckim KUL przy ul. Konstantyn\u00f3w 1D!<\/p>\n","protected":false},"excerpt":{"rendered":"<p>Cze\u015b\u0107, studenci KUL! Szukasz taniego i przytulnego miejsca do zamieszkania w Lublinie? C A mo\u017ce chcesz pozna\u0107 nowych ludzi i wzi\u0105\u0107 udzia\u0142 w ciekawych wydarzeniach kulturalnych? Je\u015bli tak, to mamy&#8230;<\/p>\n","protected":false},"author":1,"featured_media":2350,"comment_status":"open","ping_status":"open","sticky":false,"template":"","format":"standard","meta":{"footnotes":""},"categories":[19],"tags":[],"class_list":["post-2349","post","type-post","status-publish","format-standard","has-post-thumbnail","hentry","category-bez-kategorii-pl"],"yoast_head":"<!-- This site is optimized with the Yoast SEO plugin v27.4 - https:\/\/yoast.com\/product\/yoast-seo-wordpress\/ -->\n<title>Wolne miejsca w \u017bDS! - Domy Studenckie KUL<\/title>\n<meta name=\"robots\" content=\"index, follow, max-snippet:-1, max-image-preview:large, max-video-preview:-1\" \/>\n<link rel=\"canonical\" href=\"https:\/\/akademiki.kul.pl\/?p=2349\" \/>\n<meta property=\"og:locale\" content=\"pl_PL\" \/>\n<meta property=\"og:type\" content=\"article\" \/>\n<meta property=\"og:title\" content=\"Wolne miejsca w \u017bDS! - Domy Studenckie KUL\" \/>\n<meta property=\"og:description\" content=\"Cze\u015b\u0107, studenci KUL! Szukasz taniego i przytulnego miejsca do zamieszkania w Lublinie? C A mo\u017ce chcesz pozna\u0107 nowych ludzi i wzi\u0105\u0107 udzia\u0142 w ciekawych wydarzeniach kulturalnych? Je\u015bli tak, to mamy...\" \/>\n<meta property=\"og:url\" content=\"https:\/\/akademiki.kul.pl\/?p=2349\" \/>\n<meta property=\"og:site_name\" content=\"Domy Studenckie KUL\" \/>\n<meta property=\"article:publisher\" content=\"https:\/\/www.facebook.com\/mdskulkonstantynow\/\" \/>\n<meta property=\"article:published_time\" content=\"2024-02-16T10:39:36+00:00\" \/>\n<meta property=\"article:modified_time\" content=\"2024-02-16T10:39:45+00:00\" \/>\n<meta property=\"og:image\" content=\"https:\/\/akademiki.kul.pl\/wp-content\/uploads\/2024\/02\/Firefly-Stworz-realistyczne-zdjecie-studentow-mieszkajacych-w-akademiku-1044-1024x1024.jpg\" \/>\n\t<meta property=\"og:image:width\" content=\"1024\" \/>\n\t<meta property=\"og:image:height\" content=\"1024\" \/>\n\t<meta property=\"og:image:type\" content=\"image\/jpeg\" \/>\n<meta name=\"author\" content=\"pszelest\" \/>\n<meta name=\"twitter:card\" content=\"summary_large_image\" \/>\n<meta name=\"twitter:label1\" content=\"Napisane przez\" \/>\n\t<meta name=\"twitter:data1\" content=\"pszelest\" \/>\n\t<meta name=\"twitter:label2\" content=\"Szacowany czas czytania\" \/>\n\t<meta name=\"twitter:data2\" content=\"1 minuta\" \/>\n<script type=\"application\/ld+json\" class=\"yoast-schema-graph\">{\"@context\":\"https:\\\/\\\/schema.org\",\"@graph\":[{\"@type\":\"Article\",\"@id\":\"https:\\\/\\\/akademiki.kul.pl\\\/?p=2349#article\",\"isPartOf\":{\"@id\":\"https:\\\/\\\/akademiki.kul.pl\\\/?p=2349\"},\"author\":{\"name\":\"pszelest\",\"@id\":\"https:\\\/\\\/akademiki.kul.pl\\\/#\\\/schema\\\/person\\\/fc45bf290b10ec65a35d933882588a69\"},\"headline\":\"Wolne miejsca w \u017bDS!\",\"datePublished\":\"2024-02-16T10:39:36+00:00\",\"dateModified\":\"2024-02-16T10:39:45+00:00\",\"mainEntityOfPage\":{\"@id\":\"https:\\\/\\\/akademiki.kul.pl\\\/?p=2349\"},\"wordCount\":169,\"commentCount\":0,\"publisher\":{\"@id\":\"https:\\\/\\\/akademiki.kul.pl\\\/#organization\"},\"image\":{\"@id\":\"https:\\\/\\\/akademiki.kul.pl\\\/?p=2349#primaryimage\"},\"thumbnailUrl\":\"https:\\\/\\\/akademiki.kul.pl\\\/wp-content\\\/uploads\\\/2024\\\/02\\\/Firefly-Stworz-realistyczne-zdjecie-studentow-mieszkajacych-w-akademiku-1044.jpg\",\"inLanguage\":\"pl-PL\",\"potentialAction\":[{\"@type\":\"CommentAction\",\"name\":\"Comment\",\"target\":[\"https:\\\/\\\/akademiki.kul.pl\\\/?p=2349#respond\"]}]},{\"@type\":\"WebPage\",\"@id\":\"https:\\\/\\\/akademiki.kul.pl\\\/?p=2349\",\"url\":\"https:\\\/\\\/akademiki.kul.pl\\\/?p=2349\",\"name\":\"Wolne miejsca w \u017bDS! - Domy Studenckie KUL\",\"isPartOf\":{\"@id\":\"https:\\\/\\\/akademiki.kul.pl\\\/#website\"},\"primaryImageOfPage\":{\"@id\":\"https:\\\/\\\/akademiki.kul.pl\\\/?p=2349#primaryimage\"},\"image\":{\"@id\":\"https:\\\/\\\/akademiki.kul.pl\\\/?p=2349#primaryimage\"},\"thumbnailUrl\":\"https:\\\/\\\/akademiki.kul.pl\\\/wp-content\\\/uploads\\\/2024\\\/02\\\/Firefly-Stworz-realistyczne-zdjecie-studentow-mieszkajacych-w-akademiku-1044.jpg\",\"datePublished\":\"2024-02-16T10:39:36+00:00\",\"dateModified\":\"2024-02-16T10:39:45+00:00\",\"breadcrumb\":{\"@id\":\"https:\\\/\\\/akademiki.kul.pl\\\/?p=2349#breadcrumb\"},\"inLanguage\":\"pl-PL\",\"potentialAction\":[{\"@type\":\"ReadAction\",\"target\":[\"https:\\\/\\\/akademiki.kul.pl\\\/?p=2349\"]}]},{\"@type\":\"ImageObject\",\"inLanguage\":\"pl-PL\",\"@id\":\"https:\\\/\\\/akademiki.kul.pl\\\/?p=2349#primaryimage\",\"url\":\"https:\\\/\\\/akademiki.kul.pl\\\/wp-content\\\/uploads\\\/2024\\\/02\\\/Firefly-Stworz-realistyczne-zdjecie-studentow-mieszkajacych-w-akademiku-1044.jpg\",\"contentUrl\":\"https:\\\/\\\/akademiki.kul.pl\\\/wp-content\\\/uploads\\\/2024\\\/02\\\/Firefly-Stworz-realistyczne-zdjecie-studentow-mieszkajacych-w-akademiku-1044.jpg\",\"width\":2048,\"height\":2048},{\"@type\":\"BreadcrumbList\",\"@id\":\"https:\\\/\\\/akademiki.kul.pl\\\/?p=2349#breadcrumb\",\"itemListElement\":[{\"@type\":\"ListItem\",\"position\":1,\"name\":\"Strona g\u0142\u00f3wna\",\"item\":\"https:\\\/\\\/akademiki.kul.pl\\\/\"},{\"@type\":\"ListItem\",\"position\":2,\"name\":\"Wolne miejsca w \u017bDS!\"}]},{\"@type\":\"WebSite\",\"@id\":\"https:\\\/\\\/akademiki.kul.pl\\\/#website\",\"url\":\"https:\\\/\\\/akademiki.kul.pl\\\/\",\"name\":\"Domy Studenckie KUL\",\"description\":\"Akademiki z pe\u0142n\u0105 KULtur\u0105\",\"publisher\":{\"@id\":\"https:\\\/\\\/akademiki.kul.pl\\\/#organization\"},\"potentialAction\":[{\"@type\":\"SearchAction\",\"target\":{\"@type\":\"EntryPoint\",\"urlTemplate\":\"https:\\\/\\\/akademiki.kul.pl\\\/?s={search_term_string}\"},\"query-input\":{\"@type\":\"PropertyValueSpecification\",\"valueRequired\":true,\"valueName\":\"search_term_string\"}}],\"inLanguage\":\"pl-PL\"},{\"@type\":\"Organization\",\"@id\":\"https:\\\/\\\/akademiki.kul.pl\\\/#organization\",\"name\":\"Domy Studenckie KUL\",\"url\":\"https:\\\/\\\/akademiki.kul.pl\\\/\",\"logo\":{\"@type\":\"ImageObject\",\"inLanguage\":\"pl-PL\",\"@id\":\"https:\\\/\\\/akademiki.kul.pl\\\/#\\\/schema\\\/logo\\\/image\\\/\",\"url\":\"https:\\\/\\\/akademiki.kul.pl\\\/wp-content\\\/uploads\\\/2023\\\/06\\\/cropped-Korys-Piotr-logo-DS_KUL.png\",\"contentUrl\":\"https:\\\/\\\/akademiki.kul.pl\\\/wp-content\\\/uploads\\\/2023\\\/06\\\/cropped-Korys-Piotr-logo-DS_KUL.png\",\"width\":7462,\"height\":1408,\"caption\":\"Domy Studenckie KUL\"},\"image\":{\"@id\":\"https:\\\/\\\/akademiki.kul.pl\\\/#\\\/schema\\\/logo\\\/image\\\/\"},\"sameAs\":[\"https:\\\/\\\/www.facebook.com\\\/mdskulkonstantynow\\\/\",\"https:\\\/\\\/www.facebook.com\\\/zdskul\\\/\"]},{\"@type\":\"Person\",\"@id\":\"https:\\\/\\\/akademiki.kul.pl\\\/#\\\/schema\\\/person\\\/fc45bf290b10ec65a35d933882588a69\",\"name\":\"pszelest\",\"image\":{\"@type\":\"ImageObject\",\"inLanguage\":\"pl-PL\",\"@id\":\"https:\\\/\\\/secure.gravatar.com\\\/avatar\\\/592a63929d59bb3856a630b57e75993f871a0efb057edfd7bdaac5d06f78cdf5?s=96&d=mm&r=g\",\"url\":\"https:\\\/\\\/secure.gravatar.com\\\/avatar\\\/592a63929d59bb3856a630b57e75993f871a0efb057edfd7bdaac5d06f78cdf5?s=96&d=mm&r=g\",\"contentUrl\":\"https:\\\/\\\/secure.gravatar.com\\\/avatar\\\/592a63929d59bb3856a630b57e75993f871a0efb057edfd7bdaac5d06f78cdf5?s=96&d=mm&r=g\",\"caption\":\"pszelest\"},\"sameAs\":[\"https:\\\/\\\/akademiki.kul.pl\"],\"url\":\"https:\\\/\\\/akademiki.kul.pl\\\/?author=1\"}]}<\/script>\n<!-- \/ Yoast SEO plugin. -->","yoast_head_json":{"title":"Wolne miejsca w \u017bDS! - Domy Studenckie KUL","robots":{"index":"index","follow":"follow","max-snippet":"max-snippet:-1","max-image-preview":"max-image-preview:large","max-video-preview":"max-video-preview:-1"},"canonical":"https:\/\/akademiki.kul.pl\/?p=2349","og_locale":"pl_PL","og_type":"article","og_title":"Wolne miejsca w \u017bDS! - Domy Studenckie KUL","og_description":"Cze\u015b\u0107, studenci KUL! Szukasz taniego i przytulnego miejsca do zamieszkania w Lublinie? C A mo\u017ce chcesz pozna\u0107 nowych ludzi i wzi\u0105\u0107 udzia\u0142 w ciekawych wydarzeniach kulturalnych? Je\u015bli tak, to mamy...","og_url":"https:\/\/akademiki.kul.pl\/?p=2349","og_site_name":"Domy Studenckie KUL","article_publisher":"https:\/\/www.facebook.com\/mdskulkonstantynow\/","article_published_time":"2024-02-16T10:39:36+00:00","article_modified_time":"2024-02-16T10:39:45+00:00","og_image":[{"width":1024,"height":1024,"url":"https:\/\/akademiki.kul.pl\/wp-content\/uploads\/2024\/02\/Firefly-Stworz-realistyczne-zdjecie-studentow-mieszkajacych-w-akademiku-1044-1024x1024.jpg","type":"image\/jpeg"}],"author":"pszelest","twitter_card":"summary_large_image","twitter_misc":{"Napisane przez":"pszelest","Szacowany czas czytania":"1 minuta"},"schema":{"@context":"https:\/\/schema.org","@graph":[{"@type":"Article","@id":"https:\/\/akademiki.kul.pl\/?p=2349#article","isPartOf":{"@id":"https:\/\/akademiki.kul.pl\/?p=2349"},"author":{"name":"pszelest","@id":"https:\/\/akademiki.kul.pl\/#\/schema\/person\/fc45bf290b10ec65a35d933882588a69"},"headline":"Wolne miejsca w \u017bDS!","datePublished":"2024-02-16T10:39:36+00:00","dateModified":"2024-02-16T10:39:45+00:00","mainEntityOfPage":{"@id":"https:\/\/akademiki.kul.pl\/?p=2349"},"wordCount":169,"commentCount":0,"publisher":{"@id":"https:\/\/akademiki.kul.pl\/#organization"},"image":{"@id":"https:\/\/akademiki.kul.pl\/?p=2349#primaryimage"},"thumbnailUrl":"https:\/\/akademiki.kul.pl\/wp-content\/uploads\/2024\/02\/Firefly-Stworz-realistyczne-zdjecie-studentow-mieszkajacych-w-akademiku-1044.jpg","inLanguage":"pl-PL","potentialAction":[{"@type":"CommentAction","name":"Comment","target":["https:\/\/akademiki.kul.pl\/?p=2349#respond"]}]},{"@type":"WebPage","@id":"https:\/\/akademiki.kul.pl\/?p=2349","url":"https:\/\/akademiki.kul.pl\/?p=2349","name":"Wolne miejsca w \u017bDS! - Domy Studenckie KUL","isPartOf":{"@id":"https:\/\/akademiki.kul.pl\/#website"},"primaryImageOfPage":{"@id":"https:\/\/akademiki.kul.pl\/?p=2349#primaryimage"},"image":{"@id":"https:\/\/akademiki.kul.pl\/?p=2349#primaryimage"},"thumbnailUrl":"https:\/\/akademiki.kul.pl\/wp-content\/uploads\/2024\/02\/Firefly-Stworz-realistyczne-zdjecie-studentow-mieszkajacych-w-akademiku-1044.jpg","datePublished":"2024-02-16T10:39:36+00:00","dateModified":"2024-02-16T10:39:45+00:00","breadcrumb":{"@id":"https:\/\/akademiki.kul.pl\/?p=2349#breadcrumb"},"inLanguage":"pl-PL","potentialAction":[{"@type":"ReadAction","target":["https:\/\/akademiki.kul.pl\/?p=2349"]}]},{"@type":"ImageObject","inLanguage":"pl-PL","@id":"https:\/\/akademiki.kul.pl\/?p=2349#primaryimage","url":"https:\/\/akademiki.kul.pl\/wp-content\/uploads\/2024\/02\/Firefly-Stworz-realistyczne-zdjecie-studentow-mieszkajacych-w-akademiku-1044.jpg","contentUrl":"https:\/\/akademiki.kul.pl\/wp-content\/uploads\/2024\/02\/Firefly-Stworz-realistyczne-zdjecie-studentow-mieszkajacych-w-akademiku-1044.jpg","width":2048,"height":2048},{"@type":"BreadcrumbList","@id":"https:\/\/akademiki.kul.pl\/?p=2349#breadcrumb","itemListElement":[{"@type":"ListItem","position":1,"name":"Strona g\u0142\u00f3wna","item":"https:\/\/akademiki.kul.pl\/"},{"@type":"ListItem","position":2,"name":"Wolne miejsca w \u017bDS!"}]},{"@type":"WebSite","@id":"https:\/\/akademiki.kul.pl\/#website","url":"https:\/\/akademiki.kul.pl\/","name":"Domy Studenckie KUL","description":"Akademiki z pe\u0142n\u0105 KULtur\u0105","publisher":{"@id":"https:\/\/akademiki.kul.pl\/#organization"},"potentialAction":[{"@type":"SearchAction","target":{"@type":"EntryPoint","urlTemplate":"https:\/\/akademiki.kul.pl\/?s={search_term_string}"},"query-input":{"@type":"PropertyValueSpecification","valueRequired":true,"valueName":"search_term_string"}}],"inLanguage":"pl-PL"},{"@type":"Organization","@id":"https:\/\/akademiki.kul.pl\/#organization","name":"Domy Studenckie KUL","url":"https:\/\/akademiki.kul.pl\/","logo":{"@type":"ImageObject","inLanguage":"pl-PL","@id":"https:\/\/akademiki.kul.pl\/#\/schema\/logo\/image\/","url":"https:\/\/akademiki.kul.pl\/wp-content\/uploads\/2023\/06\/cropped-Korys-Piotr-logo-DS_KUL.png","contentUrl":"https:\/\/akademiki.kul.pl\/wp-content\/uploads\/2023\/06\/cropped-Korys-Piotr-logo-DS_KUL.png","width":7462,"height":1408,"caption":"Domy Studenckie KUL"},"image":{"@id":"https:\/\/akademiki.kul.pl\/#\/schema\/logo\/image\/"},"sameAs":["https:\/\/www.facebook.com\/mdskulkonstantynow\/","https:\/\/www.facebook.com\/zdskul\/"]},{"@type":"Person","@id":"https:\/\/akademiki.kul.pl\/#\/schema\/person\/fc45bf290b10ec65a35d933882588a69","name":"pszelest","image":{"@type":"ImageObject","inLanguage":"pl-PL","@id":"https:\/\/secure.gravatar.com\/avatar\/592a63929d59bb3856a630b57e75993f871a0efb057edfd7bdaac5d06f78cdf5?s=96&d=mm&r=g","url":"https:\/\/secure.gravatar.com\/avatar\/592a63929d59bb3856a630b57e75993f871a0efb057edfd7bdaac5d06f78cdf5?s=96&d=mm&r=g","contentUrl":"https:\/\/secure.gravatar.com\/avatar\/592a63929d59bb3856a630b57e75993f871a0efb057edfd7bdaac5d06f78cdf5?s=96&d=mm&r=g","caption":"pszelest"},"sameAs":["https:\/\/akademiki.kul.pl"],"url":"https:\/\/akademiki.kul.pl\/?author=1"}]}},"_links":{"self":[{"href":"https:\/\/akademiki.kul.pl\/index.php?rest_route=\/wp\/v2\/posts\/2349","targetHints":{"allow":["GET"]}}],"collection":[{"href":"https:\/\/akademiki.kul.pl\/index.php?rest_route=\/wp\/v2\/posts"}],"about":[{"href":"https:\/\/akademiki.kul.pl\/index.php?rest_route=\/wp\/v2\/types\/post"}],"author":[{"embeddable":true,"href":"https:\/\/akademiki.kul.pl\/index.php?rest_route=\/wp\/v2\/users\/1"}],"replies":[{"embeddable":true,"href":"https:\/\/akademiki.kul.pl\/index.php?rest_route=%2Fwp%2Fv2%2Fcomments&post=2349"}],"version-history":[{"count":1,"href":"https:\/\/akademiki.kul.pl\/index.php?rest_route=\/wp\/v2\/posts\/2349\/revisions"}],"predecessor-version":[{"id":2351,"href":"https:\/\/akademiki.kul.pl\/index.php?rest_route=\/wp\/v2\/posts\/2349\/revisions\/2351"}],"wp:featuredmedia":[{"embeddable":true,"href":"https:\/\/akademiki.kul.pl\/index.php?rest_route=\/wp\/v2\/media\/2350"}],"wp:attachment":[{"href":"https:\/\/akademiki.kul.pl\/index.php?rest_route=%2Fwp%2Fv2%2Fmedia&parent=2349"}],"wp:term":[{"taxonomy":"category","embeddable":true,"href":"https:\/\/akademiki.kul.pl\/index.php?rest_route=%2Fwp%2Fv2%2Fcategories&post=2349"},{"taxonomy":"post_tag","embeddable":true,"href":"https:\/\/akademiki.kul.pl\/index.php?rest_route=%2Fwp%2Fv2%2Ftags&post=2349"}],"curies":[{"name":"wp","href":"https:\/\/api.w.org\/{rel}","templated":true}]}}